{"id":1602,"date":"2010-06-13T15:28:00","date_gmt":"2010-06-13T13:28:00","guid":{"rendered":"http:\/\/www.ism.com.pl\/?p=1602"},"modified":"2014-02-13T22:59:54","modified_gmt":"2014-02-13T21:59:54","slug":"rejsy-turystyczne-w-chorwacji","status":"publish","type":"post","link":"https:\/\/www.ism.com.pl\/index.php\/1602\/rejsy-turystyczne-w-chorwacji\/","title":{"rendered":"Rejsy turystyczne w Chorwacji"},"content":{"rendered":"<p>Filmowy reporta\u017c z rejsu Split &#8211; Dubrovnik &#8211; Split zorganizowanego przez\u00a0 Bydgoskie Towarzystwo \u017beglarskie.\u00a0 W tygodniowym rejsie po Adriatyku uczestniczy\u0142a polska obsada na dw\u00f3ch jachtach pod dow\u00f3dztwem kapitana jachtowego Adama Dyniewskiego.<\/p>\n<ul>\n<li><a title=\"Rejsy jachtem w Chorwacji\" href=\"http:\/\/www.youtube.com\/watch?v=Mp0i3KHB9NA\">Rejs Chorwacja 2010<\/a><\/li>\n<\/ul>\n","protected":false},"excerpt":{"rendered":"<p>Filmowy reporta\u017c z rejsu Split &#8211; Dubrovnik &#8211; Split zorganizowanego przez\u00a0 Bydgoskie Towarzystwo \u017beglarskie.\u00a0 W tygodniowym rejsie po Adriatyku uczestniczy\u0142a polska obsada na dw\u00f3ch jachtach pod dow\u00f3dztwem kapitana jachtowego Adama Dyniewskiego. Rejs Chorwacja 2010<\/p>\n","protected":false},"author":5402,"featured_media":1604,"comment_status":"closed","ping_status":"closed","sticky":false,"template":"","format":"standard","meta":[],"categories":[171,151,175],"tags":[185,193,194],"aioseo_notices":[],"_links":{"self":[{"href":"https:\/\/www.ism.com.pl\/index.php\/wp-json\/wp\/v2\/posts\/1602"}],"collection":[{"href":"https:\/\/www.ism.com.pl\/index.php\/wp-json\/wp\/v2\/posts"}],"about":[{"href":"https:\/\/www.ism.com.pl\/index.php\/wp-json\/wp\/v2\/types\/post"}],"author":[{"embeddable":true,"href":"https:\/\/www.ism.com.pl\/index.php\/wp-json\/wp\/v2\/users\/5402"}],"replies":[{"embeddable":true,"href":"https:\/\/www.ism.com.pl\/index.php\/wp-json\/wp\/v2\/comments?post=1602"}],"version-history":[{"count":4,"href":"https:\/\/www.ism.com.pl\/index.php\/wp-json\/wp\/v2\/posts\/1602\/revisions"}],"predecessor-version":[{"id":1609,"href":"https:\/\/www.ism.com.pl\/index.php\/wp-json\/wp\/v2\/posts\/1602\/revisions\/1609"}],"wp:featuredmedia":[{"embeddable":true,"href":"https:\/\/www.ism.com.pl\/index.php\/wp-json\/wp\/v2\/media\/1604"}],"wp:attachment":[{"href":"https:\/\/www.ism.com.pl\/index.php\/wp-json\/wp\/v2\/media?parent=1602"}],"wp:term":[{"taxonomy":"category","embeddable":true,"href":"https:\/\/www.ism.com.pl\/index.php\/wp-json\/wp\/v2\/categories?post=1602"},{"taxonomy":"post_tag","embeddable":true,"href":"https:\/\/www.ism.com.pl\/index.php\/wp-json\/wp\/v2\/tags?post=1602"}],"curies":[{"name":"wp","href":"https:\/\/api.w.org\/{rel}","templated":true}]}}